{"id":5472,"global_id":"swck.org\/wop\/wordpress?id=5472","global_id_lineage":["swck.org\/wop\/wordpress?id=5472"],"author":"1","status":"publish","date":"2026-01-11 10:35:19","date_utc":"2026-01-11 10:35:19","modified":"2026-02-12 08:49:15","modified_utc":"2026-02-12 08:49:15","url":"https:\/\/swck.org\/wop\/wordpress\/?tribe_events=galamiddag","rest_url":"https:\/\/swck.org\/wop\/wordpress\/index.php?rest_route=\/tribe\/events\/v1\/events\/5472","title":"GALAMIDDAG","description":"<p>Fira \u00e5ret 2025 \u00e5rs framg\u00e5ngar tillsammans!<br \/>\nDet blir en helkv\u00e4ll men festligheter, god mat och gemenskap.<br \/>\nTEMA: Wales<br \/>\nPRIS: 350 kr per person f\u00f6r tv\u00e5 r\u00e4tters middag, betalas senast 15 mars.<\/p>\n<p>ANM\u00c4LAN: https:\/\/forms.gle\/fVTecDtCWTrg7Po9A<\/p>\n<p>Varmt v\u00e4lkomna!<\/p>","excerpt":"","slug":"galamiddag","image":false,"all_day":false,"start_date":"2026-03-28 17:30:00","start_date_details":{"year":"2026","month":"03","day":"28","hour":"17","minutes":"30","seconds":"00"},"end_date":"2026-03-28 22:00:00","end_date_details":{"year":"2026","month":"03","day":"28","hour":"22","minutes":"00","seconds":"00"},"utc_start_date":"2026-03-28 17:30:00","utc_start_date_details":{"year":"2026","month":"03","day":"28","hour":"17","minutes":"30","seconds":"00"},"utc_end_date":"2026-03-28 22:00:00","utc_end_date_details":{"year":"2026","month":"03","day":"28","hour":"22","minutes":"00","seconds":"00"},"timezone":"UTC+0","timezone_abbr":"UTC+0","cost":"","cost_details":{"currency_symbol":"$","currency_code":"USD","currency_position":"prefix","values":[]},"website":"","show_map":true,"show_map_link":true,"hide_from_listings":false,"sticky":false,"featured":false,"categories":[],"tags":[],"venue":[],"organizer":[],"custom_fields":[],"json_ld":{"@context":"http:\/\/schema.org","@type":"Event","name":"GALAMIDDAG","description":"&lt;p&gt;Fira \u00e5ret 2025 \u00e5rs framg\u00e5ngar tillsammans! Det blir en helkv\u00e4ll men festligheter, god mat och gemenskap. TEMA: Wales PRIS: 350 kr per person f\u00f6r tv\u00e5 r\u00e4tters middag, betalas senast 15 ...&lt;\/p&gt;\\n","url":"https:\/\/swck.org\/wop\/wordpress\/?tribe_events=galamiddag","eventAttendanceMode":"https:\/\/schema.org\/OfflineEventAttendanceMode","eventStatus":"https:\/\/schema.org\/EventScheduled","startDate":"2026-03-28T17:30:00+00:00","endDate":"2026-03-28T22:00:00+00:00","performer":"Organization"}}