{"id":4358,"global_id":"swck.org\/wop\/wordpress?id=4358","global_id_lineage":["swck.org\/wop\/wordpress?id=4358"],"author":"1","status":"publish","date":"2024-09-02 09:20:20","date_utc":"2024-09-02 09:20:20","modified":"2025-08-08 09:24:03","modified_utc":"2025-08-08 09:24:03","url":"https:\/\/swck.org\/wop\/wordpress\/?tribe_events=specialklubbsutsallning-eskilstuna","rest_url":"https:\/\/swck.org\/wop\/wordpress\/index.php?rest_route=\/tribe\/events\/v1\/events\/4358","title":"Specialklubbsutst\u00e4llning Eskilstuna","description":"<p><strong>4 oktober \u2013 Eskilstuna (inomhus)<\/strong><br \/>\nRaskonferens dagen efter<br \/>\nDomare cardigan: Jeanett Lemmeke<br \/>\nDomare pembroke: Eva Liljekvist Borg<\/p>\n<p>Anm\u00e4l till utst\u00e4llningen <span style=\"font-size: 14pt;\"><strong><a href=\"https:\/\/hundar.skk.se\/internetanmalan\/start.aspx\" target=\"_blank\" rel=\"noopener\">H\u00c4R<\/a><\/strong><\/span><br \/>\nAnm\u00e4lan till middag\u00a0 och\/eller raskonferensen<span style=\"font-size: 14pt;\"><a href=\"https:\/\/forms.gle\/yEXkknkmPK2UT6wE9\" target=\"_blank\" rel=\"noopener\"><strong> H\u00c4R<\/strong><\/a><\/span><\/p>\n<p><a href=\"https:\/\/swck.org\/wop\/wordpress\/wp-content\/uploads\/2025\/08\/inbjudan-7.png?fbclid=IwY2xjawMCnwhleHRuA2FlbQIxMABicmlkETFXbFBnZlIxeGpJbDBDS2VjAR5ALqNp1ZhEEx3yFQWdTVflK0mCLCkWmqejzFyqzA-RwG3W6bLDsYYlei3qyw_aem_FP_mbEZBl8N5odWblV5kLg\" target=\"_blank\" rel=\"noopener\"><img loading=\"lazy\" decoding=\"async\" class=\"aligncenter\" src=\"https:\/\/swck.org\/wop\/wordpress\/wp-content\/uploads\/2025\/08\/inbjudan-7.png?fbclid=IwY2xjawMCnwhleHRuA2FlbQIxMABicmlkETFXbFBnZlIxeGpJbDBDS2VjAR5ALqNp1ZhEEx3yFQWdTVflK0mCLCkWmqejzFyqzA-RwG3W6bLDsYYlei3qyw_aem_FP_mbEZBl8N5odWblV5kLg\" alt=\"\" width=\"673\" height=\"952\" \/><\/a><\/p>\n<p><a href=\"https:\/\/swck.org\/wop\/wordpress\/wp-content\/uploads\/2025\/08\/inbjudan-6.png\" target=\"_blank\" rel=\"noopener\"><img loading=\"lazy\" decoding=\"async\" class=\"aligncenter\" src=\"https:\/\/swck.org\/wop\/wordpress\/wp-content\/uploads\/2025\/08\/inbjudan-6.png\" alt=\"\" width=\"673\" height=\"952\" \/><\/a><\/p>","excerpt":"","slug":"specialklubbsutsallning-eskilstuna","image":false,"all_day":false,"start_date":"2025-10-04 09:00:00","start_date_details":{"year":"2025","month":"10","day":"04","hour":"09","minutes":"00","seconds":"00"},"end_date":"2025-10-04 17:00:00","end_date_details":{"year":"2025","month":"10","day":"04","hour":"17","minutes":"00","seconds":"00"},"utc_start_date":"2025-10-04 09:00:00","utc_start_date_details":{"year":"2025","month":"10","day":"04","hour":"09","minutes":"00","seconds":"00"},"utc_end_date":"2025-10-04 17:00:00","utc_end_date_details":{"year":"2025","month":"10","day":"04","hour":"17","minutes":"00","seconds":"00"},"timezone":"UTC+0","timezone_abbr":"UTC+0","cost":"","cost_details":{"currency_symbol":"$","currency_code":"USD","currency_position":"prefix","values":[]},"website":"","show_map":true,"show_map_link":true,"hide_from_listings":false,"sticky":false,"featured":false,"categories":[],"tags":[],"venue":[],"organizer":[],"custom_fields":[],"json_ld":{"@context":"http:\/\/schema.org","@type":"Event","name":"Specialklubbsutst\u00e4llning Eskilstuna","description":"&lt;p&gt;4 oktober \u2013 Eskilstuna (inomhus) Raskonferens dagen efter Domare cardigan: Jeanett Lemmeke Domare pembroke: Eva Liljekvist Borg Anm\u00e4l till utst\u00e4llningen H\u00c4R Anm\u00e4lan till middag\u00a0 och\/eller raskonferensen H\u00c4R&lt;\/p&gt;\\n","url":"https:\/\/swck.org\/wop\/wordpress\/?tribe_events=specialklubbsutsallning-eskilstuna","eventAttendanceMode":"https:\/\/schema.org\/OfflineEventAttendanceMode","eventStatus":"https:\/\/schema.org\/EventScheduled","startDate":"2025-10-04T09:00:00+00:00","endDate":"2025-10-04T17:00:00+00:00","performer":"Organization"}}